{"id":6917,"date":"2026-08-13T12:38:43","date_gmt":"2026-08-13T17:38:43","guid":{"rendered":"https:\/\/albizulaw.com\/?p=6917"},"modified":"2026-08-27T10:48:54","modified_gmt":"2026-08-27T15:48:54","slug":"iris-albizu-destacada-en-ap-news-por-su-trabajo-en-derecho-familiar-liderazgo-y-experiencia-como-latina","status":"publish","type":"post","link":"https:\/\/albizulaw.com\/es\/iris-albizu-destacada-en-ap-news-por-su-trabajo-en-derecho-familiar-liderazgo-y-experiencia-como-latina\/","title":{"rendered":"Iris Albizu destacada en AP News por su trabajo en derecho familiar, liderazgo y experiencia como latina"},"content":{"rendered":"<p class=\"PDq2pG_selectionAnchorContainer\" data-start=\"108\" data-end=\"547\">AP News public\u00f3 recientemente un comunicado de prensa en el que destaca a Iris Albizu, fundadora de Albizu Law Firm, y sus recientes participaciones en <em data-start=\"260\" data-end=\"285\">The Law Firm Growth Lab<\/em> y <em data-start=\"288\" data-end=\"313\">Partnerships for Profit<\/em>. En ambas conversaciones, Albizu comparti\u00f3 m\u00e1s sobre su enfoque del derecho familiar, la atenci\u00f3n biling\u00fce a sus clientes, el liderazgo y su experiencia al desarrollar un bufete de abogados como abogada nacida en Puerto Rico y madre.<\/p>\n<p data-start=\"549\" data-end=\"961\">En <em data-start=\"552\" data-end=\"577\">The Law Firm Growth Lab<\/em>, Albizu habl\u00f3 sobre el trabajo de su bufete con familias de todo Texas Central, incluidos asuntos de divorcio, custodia de menores, manutenci\u00f3n de menores, r\u00e9gimen de visitas y derechos de los abuelos. Tambi\u00e9n explic\u00f3 por qu\u00e9 es importante contar con un equipo completamente biling\u00fce cuando los clientes ya est\u00e1n enfrentando asuntos familiares estresantes y profundamente personales.<\/p>\n<p data-start=\"963\" data-end=\"1120\">\u201cPuede tener la confianza de contar con un equipo y un abogado que entienden su idioma y que pueden ayudarle y orientarle durante el proceso\u201d, afirm\u00f3 Albizu.<\/p>\n<p data-start=\"1122\" data-end=\"1440\">Su conversaci\u00f3n en <em data-start=\"1141\" data-end=\"1166\">Partnerships for Profit<\/em> ofreci\u00f3 una perspectiva m\u00e1s personal de su trayectoria. Albizu habl\u00f3 sobre crecer en Puerto Rico, encontrar su camino hacia el derecho, mudarse a Austin y, con el tiempo, establecer su propio bufete mientras criaba a dos hijos sin tener familiares cercanos que la apoyaran.<\/p>\n<p data-start=\"1442\" data-end=\"1688\">Tambi\u00e9n habl\u00f3 sobre c\u00f3mo sus experiencias como latina negra y hablante nativa de espa\u00f1ol han influido en la manera en que dirige su bufete y se relaciona con clientes que pueden sentirse ignorados o inseguros al desenvolverse en el sistema legal.<\/p>\n<p data-start=\"1690\" data-end=\"1945\">Aunque las dos conversaciones abordaron diferentes aspectos de su historia, qued\u00f3 claro un tema en com\u00fan: la comunicaci\u00f3n y la empat\u00eda son importantes. Es un enfoque que Albizu aplica en su trabajo con familias que enfrentan situaciones legales dif\u00edciles.<\/p>\n<p data-start=\"1947\" data-end=\"2110\">\u201cNos esforzamos much\u00edsimo por transmitir a nuestro equipo la importancia de esa empat\u00eda y recordarles por qu\u00e9 estamos aqu\u00ed y por qu\u00e9 hacemos este trabajo\u201d, afirm\u00f3.<\/p>\n<p data-start=\"2112\" data-end=\"2380\" data-is-last-node=\"\" data-is-only-node=\"\"><strong data-start=\"2112\" data-end=\"2151\">Lea el anuncio completo en AP News:<\/strong><br data-start=\"2151\" data-end=\"2154\" \/><a class=\"decorated-link\" href=\"https:\/\/apnews.com\/press-release\/ein-presswire-newsmatics\/press-release-94f57a2c96101b7938fecb3dc36521ac\" target=\"_new\" rel=\"noopener\" data-start=\"2154\" data-end=\"2380\" data-is-last-node=\"\">La abogada Iris Albizu participa en conversaciones recientes sobre derecho familiar, liderazgo y la experiencia latina<\/a><\/p>\n","protected":false},"excerpt":{"rendered":"<p>AP News public\u00f3 recientemente un comunicado de prensa en el que destaca a Iris Albizu, fundadora de Albizu Law Firm, y sus recientes participaciones en The Law Firm Growth Lab y Partnerships for Profit. En ambas conversaciones, Albizu comparti\u00f3 m\u00e1s sobre su enfoque del derecho familiar, la atenci\u00f3n biling\u00fce a sus clientes, el liderazgo y [&hellip;]<\/p>\n","protected":false},"author":6,"featured_media":6919,"comment_status":"open","ping_status":"open","sticky":false,"template":"","format":"standard","meta":{"footnotes":""},"categories":[27],"tags":[],"class_list":["post-6917","post","type-post","status-publish","format-standard","has-post-thumbnail","hentry","category-sin-categorizar"],"yoast_head":"<!-- This site is optimized with the Yoast SEO plugin v28.3 - https:\/\/yoast.com\/product\/yoast-seo-wordpress\/ -->\n<title>Iris Albizu destacada en AP News por su trabajo en derecho familiar, liderazgo y experiencia como latina - Albizu Law Firm<\/title>\n<meta name=\"description\" content=\"Iris Albizu, de Albizu Law Firm, comparte en AP News sus perspectivas sobre derecho familiar, representaci\u00f3n biling\u00fce, liderazgo y su trayectoria como abogada latina.\" \/>\n<meta name=\"robots\" content=\"index, follow, max-snippet:-1, max-image-preview:large, max-video-preview:-1\" \/>\n<link rel=\"canonical\" href=\"https:\/\/albizulaw.com\/es\/iris-albizu-destacada-en-ap-news-por-su-trabajo-en-derecho-familiar-liderazgo-y-experiencia-como-latina\/\" \/>\n<meta property=\"og:locale\" content=\"es_ES\" \/>\n<meta property=\"og:type\" content=\"article\" \/>\n<meta property=\"og:title\" content=\"Iris Albizu destacada en AP News por su trabajo en derecho familiar, liderazgo y experiencia como latina - Albizu Law Firm\" \/>\n<meta property=\"og:description\" content=\"Iris Albizu, de Albizu Law Firm, comparte en AP News sus perspectivas sobre derecho familiar, representaci\u00f3n biling\u00fce, liderazgo y su trayectoria como abogada latina.\" \/>\n<meta property=\"og:url\" content=\"https:\/\/albizulaw.com\/es\/iris-albizu-destacada-en-ap-news-por-su-trabajo-en-derecho-familiar-liderazgo-y-experiencia-como-latina\/\" \/>\n<meta property=\"og:site_name\" content=\"Albizu Law Firm\" \/>\n<meta property=\"article:published_time\" content=\"2026-08-13T17:38:43+00:00\" \/>\n<meta property=\"article:modified_time\" content=\"2026-08-27T15:48:54+00:00\" \/>\n<meta property=\"og:image\" content=\"https:\/\/albizulaw.com\/wp-content\/uploads\/2026\/08\/Iris-Albizu-AP-News-La-fundadora-de-Albizu-Law-Firm-Iris-Albizu-destacada-en-un-comunicado-de-prensa-de-AP-News-Albizu-Law.jpg\" \/>\n\t<meta property=\"og:image:width\" content=\"1000\" \/>\n\t<meta property=\"og:image:height\" content=\"500\" \/>\n\t<meta property=\"og:image:type\" content=\"image\/jpeg\" \/>\n<meta name=\"author\" content=\"Market Crest\" \/>\n<meta name=\"twitter:card\" content=\"summary_large_image\" \/>\n<meta name=\"twitter:label1\" content=\"Escrito por\" \/>\n\t<meta name=\"twitter:data1\" content=\"Market Crest\" \/>\n\t<meta name=\"twitter:label2\" content=\"Tiempo de lectura\" \/>\n\t<meta name=\"twitter:data2\" content=\"2 minutos\" \/>\n<script type=\"application\/ld+json\" class=\"yoast-schema-graph\">{\"@context\":\"https:\\\/\\\/schema.org\",\"@graph\":[{\"@type\":\"Article\",\"@id\":\"https:\\\/\\\/albizulaw.com\\\/es\\\/iris-albizu-destacada-en-ap-news-por-su-trabajo-en-derecho-familiar-liderazgo-y-experiencia-como-latina\\\/#article\",\"isPartOf\":{\"@id\":\"https:\\\/\\\/albizulaw.com\\\/es\\\/iris-albizu-destacada-en-ap-news-por-su-trabajo-en-derecho-familiar-liderazgo-y-experiencia-como-latina\\\/\"},\"author\":{\"name\":\"Market Crest\",\"@id\":\"https:\\\/\\\/albizulaw.com\\\/es\\\/#\\\/schema\\\/person\\\/62268c04d0301ba7f4c8fad5ee7bb3d8\"},\"headline\":\"Iris Albizu destacada en AP News por su trabajo en derecho familiar, liderazgo y experiencia como latina\",\"datePublished\":\"2026-08-13T17:38:43+00:00\",\"dateModified\":\"2026-08-27T15:48:54+00:00\",\"mainEntityOfPage\":{\"@id\":\"https:\\\/\\\/albizulaw.com\\\/es\\\/iris-albizu-destacada-en-ap-news-por-su-trabajo-en-derecho-familiar-liderazgo-y-experiencia-como-latina\\\/\"},\"wordCount\":375,\"commentCount\":0,\"publisher\":{\"@id\":\"https:\\\/\\\/albizulaw.com\\\/es\\\/#organization\"},\"image\":{\"@id\":\"https:\\\/\\\/albizulaw.com\\\/es\\\/iris-albizu-destacada-en-ap-news-por-su-trabajo-en-derecho-familiar-liderazgo-y-experiencia-como-latina\\\/#primaryimage\"},\"thumbnailUrl\":\"https:\\\/\\\/albizulaw.com\\\/wp-content\\\/uploads\\\/2026\\\/08\\\/Iris-Albizu-AP-News-La-fundadora-de-Albizu-Law-Firm-Iris-Albizu-destacada-en-un-comunicado-de-prensa-de-AP-News-Albizu-Law.jpg\",\"articleSection\":[\"Sin categorizar\"],\"inLanguage\":\"es\",\"potentialAction\":[{\"@type\":\"CommentAction\",\"name\":\"Comment\",\"target\":[\"https:\\\/\\\/albizulaw.com\\\/es\\\/iris-albizu-destacada-en-ap-news-por-su-trabajo-en-derecho-familiar-liderazgo-y-experiencia-como-latina\\\/#respond\"]}]},{\"@type\":\"WebPage\",\"@id\":\"https:\\\/\\\/albizulaw.com\\\/es\\\/iris-albizu-destacada-en-ap-news-por-su-trabajo-en-derecho-familiar-liderazgo-y-experiencia-como-latina\\\/\",\"url\":\"https:\\\/\\\/albizulaw.com\\\/es\\\/iris-albizu-destacada-en-ap-news-por-su-trabajo-en-derecho-familiar-liderazgo-y-experiencia-como-latina\\\/\",\"name\":\"Iris Albizu destacada en AP News por su trabajo en derecho familiar, liderazgo y experiencia como latina - Albizu Law Firm\",\"isPartOf\":{\"@id\":\"https:\\\/\\\/albizulaw.com\\\/es\\\/#website\"},\"primaryImageOfPage\":{\"@id\":\"https:\\\/\\\/albizulaw.com\\\/es\\\/iris-albizu-destacada-en-ap-news-por-su-trabajo-en-derecho-familiar-liderazgo-y-experiencia-como-latina\\\/#primaryimage\"},\"image\":{\"@id\":\"https:\\\/\\\/albizulaw.com\\\/es\\\/iris-albizu-destacada-en-ap-news-por-su-trabajo-en-derecho-familiar-liderazgo-y-experiencia-como-latina\\\/#primaryimage\"},\"thumbnailUrl\":\"https:\\\/\\\/albizulaw.com\\\/wp-content\\\/uploads\\\/2026\\\/08\\\/Iris-Albizu-AP-News-La-fundadora-de-Albizu-Law-Firm-Iris-Albizu-destacada-en-un-comunicado-de-prensa-de-AP-News-Albizu-Law.jpg\",\"datePublished\":\"2026-08-13T17:38:43+00:00\",\"dateModified\":\"2026-08-27T15:48:54+00:00\",\"description\":\"Iris Albizu, de Albizu Law Firm, comparte en AP News sus perspectivas sobre derecho familiar, representaci\u00f3n biling\u00fce, liderazgo y su trayectoria como abogada latina.\",\"breadcrumb\":{\"@id\":\"https:\\\/\\\/albizulaw.com\\\/es\\\/iris-albizu-destacada-en-ap-news-por-su-trabajo-en-derecho-familiar-liderazgo-y-experiencia-como-latina\\\/#breadcrumb\"},\"inLanguage\":\"es\",\"potentialAction\":[{\"@type\":\"ReadAction\",\"target\":[\"https:\\\/\\\/albizulaw.com\\\/es\\\/iris-albizu-destacada-en-ap-news-por-su-trabajo-en-derecho-familiar-liderazgo-y-experiencia-como-latina\\\/\"]}]},{\"@type\":\"ImageObject\",\"inLanguage\":\"es\",\"@id\":\"https:\\\/\\\/albizulaw.com\\\/es\\\/iris-albizu-destacada-en-ap-news-por-su-trabajo-en-derecho-familiar-liderazgo-y-experiencia-como-latina\\\/#primaryimage\",\"url\":\"https:\\\/\\\/albizulaw.com\\\/wp-content\\\/uploads\\\/2026\\\/08\\\/Iris-Albizu-AP-News-La-fundadora-de-Albizu-Law-Firm-Iris-Albizu-destacada-en-un-comunicado-de-prensa-de-AP-News-Albizu-Law.jpg\",\"contentUrl\":\"https:\\\/\\\/albizulaw.com\\\/wp-content\\\/uploads\\\/2026\\\/08\\\/Iris-Albizu-AP-News-La-fundadora-de-Albizu-Law-Firm-Iris-Albizu-destacada-en-un-comunicado-de-prensa-de-AP-News-Albizu-Law.jpg\",\"width\":1000,\"height\":500,\"caption\":\"Iris Albizu AP News - La fundadora de Albizu Law Firm, Iris Albizu, destacada en un comunicado de prensa de AP News - Albizu Law\"},{\"@type\":\"BreadcrumbList\",\"@id\":\"https:\\\/\\\/albizulaw.com\\\/es\\\/iris-albizu-destacada-en-ap-news-por-su-trabajo-en-derecho-familiar-liderazgo-y-experiencia-como-latina\\\/#breadcrumb\",\"itemListElement\":[{\"@type\":\"ListItem\",\"position\":1,\"name\":\"Home\",\"item\":\"https:\\\/\\\/albizulaw.com\\\/es\\\/\"},{\"@type\":\"ListItem\",\"position\":2,\"name\":\"Iris Albizu destacada en AP News por su trabajo en derecho familiar, liderazgo y experiencia como latina\"}]},{\"@type\":\"WebSite\",\"@id\":\"https:\\\/\\\/albizulaw.com\\\/es\\\/#website\",\"url\":\"https:\\\/\\\/albizulaw.com\\\/es\\\/\",\"name\":\"Albizu Law Firm\",\"description\":\"Immigration Lawyer\",\"publisher\":{\"@id\":\"https:\\\/\\\/albizulaw.com\\\/es\\\/#organization\"},\"potentialAction\":[{\"@type\":\"SearchAction\",\"target\":{\"@type\":\"EntryPoint\",\"urlTemplate\":\"https:\\\/\\\/albizulaw.com\\\/es\\\/?s={search_term_string}\"},\"query-input\":{\"@type\":\"PropertyValueSpecification\",\"valueRequired\":true,\"valueName\":\"search_term_string\"}}],\"inLanguage\":\"es\"},{\"@type\":\"Organization\",\"@id\":\"https:\\\/\\\/albizulaw.com\\\/es\\\/#organization\",\"name\":\"Albizu Law Firm\",\"url\":\"https:\\\/\\\/albizulaw.com\\\/es\\\/\",\"logo\":{\"@type\":\"ImageObject\",\"inLanguage\":\"es\",\"@id\":\"https:\\\/\\\/albizulaw.com\\\/es\\\/#\\\/schema\\\/logo\\\/image\\\/\",\"url\":\"https:\\\/\\\/albizulaw.com\\\/wp-content\\\/uploads\\\/2025\\\/03\\\/logo-white-png.avif\",\"contentUrl\":\"https:\\\/\\\/albizulaw.com\\\/wp-content\\\/uploads\\\/2025\\\/03\\\/logo-white-png.avif\",\"width\":1491,\"height\":447,\"caption\":\"Albizu Law Firm\"},\"image\":{\"@id\":\"https:\\\/\\\/albizulaw.com\\\/es\\\/#\\\/schema\\\/logo\\\/image\\\/\"}},{\"@type\":\"Person\",\"@id\":\"https:\\\/\\\/albizulaw.com\\\/es\\\/#\\\/schema\\\/person\\\/62268c04d0301ba7f4c8fad5ee7bb3d8\",\"name\":\"Market Crest\",\"image\":{\"@type\":\"ImageObject\",\"inLanguage\":\"es\",\"@id\":\"https:\\\/\\\/secure.gravatar.com\\\/avatar\\\/758629c3e4bf456e49387a93d2ec8d427b69e5f4be6811b69a1357aa2d150593?s=96&d=mm&r=g\",\"url\":\"https:\\\/\\\/secure.gravatar.com\\\/avatar\\\/758629c3e4bf456e49387a93d2ec8d427b69e5f4be6811b69a1357aa2d150593?s=96&d=mm&r=g\",\"contentUrl\":\"https:\\\/\\\/secure.gravatar.com\\\/avatar\\\/758629c3e4bf456e49387a93d2ec8d427b69e5f4be6811b69a1357aa2d150593?s=96&d=mm&r=g\",\"caption\":\"Market Crest\"}}]}<\/script>\n<!-- \/ Yoast SEO plugin. -->","yoast_head_json":{"title":"Iris Albizu destacada en AP News por su trabajo en derecho familiar, liderazgo y experiencia como latina - Albizu Law Firm","description":"Iris Albizu, de Albizu Law Firm, comparte en AP News sus perspectivas sobre derecho familiar, representaci\u00f3n biling\u00fce, liderazgo y su trayectoria como abogada latina.","robots":{"index":"index","follow":"follow","max-snippet":"max-snippet:-1","max-image-preview":"max-image-preview:large","max-video-preview":"max-video-preview:-1"},"canonical":"https:\/\/albizulaw.com\/es\/iris-albizu-destacada-en-ap-news-por-su-trabajo-en-derecho-familiar-liderazgo-y-experiencia-como-latina\/","og_locale":"es_ES","og_type":"article","og_title":"Iris Albizu destacada en AP News por su trabajo en derecho familiar, liderazgo y experiencia como latina - Albizu Law Firm","og_description":"Iris Albizu, de Albizu Law Firm, comparte en AP News sus perspectivas sobre derecho familiar, representaci\u00f3n biling\u00fce, liderazgo y su trayectoria como abogada latina.","og_url":"https:\/\/albizulaw.com\/es\/iris-albizu-destacada-en-ap-news-por-su-trabajo-en-derecho-familiar-liderazgo-y-experiencia-como-latina\/","og_site_name":"Albizu Law Firm","article_published_time":"2026-08-13T17:38:43+00:00","article_modified_time":"2026-08-27T15:48:54+00:00","og_image":[{"width":1000,"height":500,"url":"https:\/\/albizulaw.com\/wp-content\/uploads\/2026\/08\/Iris-Albizu-AP-News-La-fundadora-de-Albizu-Law-Firm-Iris-Albizu-destacada-en-un-comunicado-de-prensa-de-AP-News-Albizu-Law.jpg","type":"image\/jpeg"}],"author":"Market Crest","twitter_card":"summary_large_image","twitter_misc":{"Escrito por":"Market Crest","Tiempo de lectura":"2 minutos"},"schema":{"@context":"https:\/\/schema.org","@graph":[{"@type":"Article","@id":"https:\/\/albizulaw.com\/es\/iris-albizu-destacada-en-ap-news-por-su-trabajo-en-derecho-familiar-liderazgo-y-experiencia-como-latina\/#article","isPartOf":{"@id":"https:\/\/albizulaw.com\/es\/iris-albizu-destacada-en-ap-news-por-su-trabajo-en-derecho-familiar-liderazgo-y-experiencia-como-latina\/"},"author":{"name":"Market Crest","@id":"https:\/\/albizulaw.com\/es\/#\/schema\/person\/62268c04d0301ba7f4c8fad5ee7bb3d8"},"headline":"Iris Albizu destacada en AP News por su trabajo en derecho familiar, liderazgo y experiencia como latina","datePublished":"2026-08-13T17:38:43+00:00","dateModified":"2026-08-27T15:48:54+00:00","mainEntityOfPage":{"@id":"https:\/\/albizulaw.com\/es\/iris-albizu-destacada-en-ap-news-por-su-trabajo-en-derecho-familiar-liderazgo-y-experiencia-como-latina\/"},"wordCount":375,"commentCount":0,"publisher":{"@id":"https:\/\/albizulaw.com\/es\/#organization"},"image":{"@id":"https:\/\/albizulaw.com\/es\/iris-albizu-destacada-en-ap-news-por-su-trabajo-en-derecho-familiar-liderazgo-y-experiencia-como-latina\/#primaryimage"},"thumbnailUrl":"https:\/\/albizulaw.com\/wp-content\/uploads\/2026\/08\/Iris-Albizu-AP-News-La-fundadora-de-Albizu-Law-Firm-Iris-Albizu-destacada-en-un-comunicado-de-prensa-de-AP-News-Albizu-Law.jpg","articleSection":["Sin categorizar"],"inLanguage":"es","potentialAction":[{"@type":"CommentAction","name":"Comment","target":["https:\/\/albizulaw.com\/es\/iris-albizu-destacada-en-ap-news-por-su-trabajo-en-derecho-familiar-liderazgo-y-experiencia-como-latina\/#respond"]}]},{"@type":"WebPage","@id":"https:\/\/albizulaw.com\/es\/iris-albizu-destacada-en-ap-news-por-su-trabajo-en-derecho-familiar-liderazgo-y-experiencia-como-latina\/","url":"https:\/\/albizulaw.com\/es\/iris-albizu-destacada-en-ap-news-por-su-trabajo-en-derecho-familiar-liderazgo-y-experiencia-como-latina\/","name":"Iris Albizu destacada en AP News por su trabajo en derecho familiar, liderazgo y experiencia como latina - Albizu Law Firm","isPartOf":{"@id":"https:\/\/albizulaw.com\/es\/#website"},"primaryImageOfPage":{"@id":"https:\/\/albizulaw.com\/es\/iris-albizu-destacada-en-ap-news-por-su-trabajo-en-derecho-familiar-liderazgo-y-experiencia-como-latina\/#primaryimage"},"image":{"@id":"https:\/\/albizulaw.com\/es\/iris-albizu-destacada-en-ap-news-por-su-trabajo-en-derecho-familiar-liderazgo-y-experiencia-como-latina\/#primaryimage"},"thumbnailUrl":"https:\/\/albizulaw.com\/wp-content\/uploads\/2026\/08\/Iris-Albizu-AP-News-La-fundadora-de-Albizu-Law-Firm-Iris-Albizu-destacada-en-un-comunicado-de-prensa-de-AP-News-Albizu-Law.jpg","datePublished":"2026-08-13T17:38:43+00:00","dateModified":"2026-08-27T15:48:54+00:00","description":"Iris Albizu, de Albizu Law Firm, comparte en AP News sus perspectivas sobre derecho familiar, representaci\u00f3n biling\u00fce, liderazgo y su trayectoria como abogada latina.","breadcrumb":{"@id":"https:\/\/albizulaw.com\/es\/iris-albizu-destacada-en-ap-news-por-su-trabajo-en-derecho-familiar-liderazgo-y-experiencia-como-latina\/#breadcrumb"},"inLanguage":"es","potentialAction":[{"@type":"ReadAction","target":["https:\/\/albizulaw.com\/es\/iris-albizu-destacada-en-ap-news-por-su-trabajo-en-derecho-familiar-liderazgo-y-experiencia-como-latina\/"]}]},{"@type":"ImageObject","inLanguage":"es","@id":"https:\/\/albizulaw.com\/es\/iris-albizu-destacada-en-ap-news-por-su-trabajo-en-derecho-familiar-liderazgo-y-experiencia-como-latina\/#primaryimage","url":"https:\/\/albizulaw.com\/wp-content\/uploads\/2026\/08\/Iris-Albizu-AP-News-La-fundadora-de-Albizu-Law-Firm-Iris-Albizu-destacada-en-un-comunicado-de-prensa-de-AP-News-Albizu-Law.jpg","contentUrl":"https:\/\/albizulaw.com\/wp-content\/uploads\/2026\/08\/Iris-Albizu-AP-News-La-fundadora-de-Albizu-Law-Firm-Iris-Albizu-destacada-en-un-comunicado-de-prensa-de-AP-News-Albizu-Law.jpg","width":1000,"height":500,"caption":"Iris Albizu AP News - La fundadora de Albizu Law Firm, Iris Albizu, destacada en un comunicado de prensa de AP News - Albizu Law"},{"@type":"BreadcrumbList","@id":"https:\/\/albizulaw.com\/es\/iris-albizu-destacada-en-ap-news-por-su-trabajo-en-derecho-familiar-liderazgo-y-experiencia-como-latina\/#breadcrumb","itemListElement":[{"@type":"ListItem","position":1,"name":"Home","item":"https:\/\/albizulaw.com\/es\/"},{"@type":"ListItem","position":2,"name":"Iris Albizu destacada en AP News por su trabajo en derecho familiar, liderazgo y experiencia como latina"}]},{"@type":"WebSite","@id":"https:\/\/albizulaw.com\/es\/#website","url":"https:\/\/albizulaw.com\/es\/","name":"Albizu Law Firm","description":"Immigration Lawyer","publisher":{"@id":"https:\/\/albizulaw.com\/es\/#organization"},"potentialAction":[{"@type":"SearchAction","target":{"@type":"EntryPoint","urlTemplate":"https:\/\/albizulaw.com\/es\/?s={search_term_string}"},"query-input":{"@type":"PropertyValueSpecification","valueRequired":true,"valueName":"search_term_string"}}],"inLanguage":"es"},{"@type":"Organization","@id":"https:\/\/albizulaw.com\/es\/#organization","name":"Albizu Law Firm","url":"https:\/\/albizulaw.com\/es\/","logo":{"@type":"ImageObject","inLanguage":"es","@id":"https:\/\/albizulaw.com\/es\/#\/schema\/logo\/image\/","url":"https:\/\/albizulaw.com\/wp-content\/uploads\/2025\/03\/logo-white-png.avif","contentUrl":"https:\/\/albizulaw.com\/wp-content\/uploads\/2025\/03\/logo-white-png.avif","width":1491,"height":447,"caption":"Albizu Law Firm"},"image":{"@id":"https:\/\/albizulaw.com\/es\/#\/schema\/logo\/image\/"}},{"@type":"Person","@id":"https:\/\/albizulaw.com\/es\/#\/schema\/person\/62268c04d0301ba7f4c8fad5ee7bb3d8","name":"Market Crest","image":{"@type":"ImageObject","inLanguage":"es","@id":"https:\/\/secure.gravatar.com\/avatar\/758629c3e4bf456e49387a93d2ec8d427b69e5f4be6811b69a1357aa2d150593?s=96&d=mm&r=g","url":"https:\/\/secure.gravatar.com\/avatar\/758629c3e4bf456e49387a93d2ec8d427b69e5f4be6811b69a1357aa2d150593?s=96&d=mm&r=g","contentUrl":"https:\/\/secure.gravatar.com\/avatar\/758629c3e4bf456e49387a93d2ec8d427b69e5f4be6811b69a1357aa2d150593?s=96&d=mm&r=g","caption":"Market Crest"}}]}},"_links":{"self":[{"href":"https:\/\/albizulaw.com\/es\/wp-json\/wp\/v2\/posts\/6917","targetHints":{"allow":["GET"]}}],"collection":[{"href":"https:\/\/albizulaw.com\/es\/wp-json\/wp\/v2\/posts"}],"about":[{"href":"https:\/\/albizulaw.com\/es\/wp-json\/wp\/v2\/types\/post"}],"author":[{"embeddable":true,"href":"https:\/\/albizulaw.com\/es\/wp-json\/wp\/v2\/users\/6"}],"replies":[{"embeddable":true,"href":"https:\/\/albizulaw.com\/es\/wp-json\/wp\/v2\/comments?post=6917"}],"version-history":[{"count":1,"href":"https:\/\/albizulaw.com\/es\/wp-json\/wp\/v2\/posts\/6917\/revisions"}],"predecessor-version":[{"id":6918,"href":"https:\/\/albizulaw.com\/es\/wp-json\/wp\/v2\/posts\/6917\/revisions\/6918"}],"wp:featuredmedia":[{"embeddable":true,"href":"https:\/\/albizulaw.com\/es\/wp-json\/wp\/v2\/media\/6919"}],"wp:attachment":[{"href":"https:\/\/albizulaw.com\/es\/wp-json\/wp\/v2\/media?parent=6917"}],"wp:term":[{"taxonomy":"category","embeddable":true,"href":"https:\/\/albizulaw.com\/es\/wp-json\/wp\/v2\/categories?post=6917"},{"taxonomy":"post_tag","embeddable":true,"href":"https:\/\/albizulaw.com\/es\/wp-json\/wp\/v2\/tags?post=6917"}],"curies":[{"name":"wp","href":"https:\/\/api.w.org\/{rel}","templated":true}]}}