{"id":6937,"date":"2024-11-21T16:20:37","date_gmt":"2024-11-21T22:20:37","guid":{"rendered":"https:\/\/albizulaw.com\/?p=6937"},"modified":"2026-08-28T08:49:47","modified_gmt":"2026-08-28T13:49:47","slug":"que-pasara-con-los-inmigrantes-en-el-gobierno-de-trump","status":"publish","type":"post","link":"https:\/\/albizulaw.com\/es\/que-pasara-con-los-inmigrantes-en-el-gobierno-de-trump\/","title":{"rendered":"\u00bfQu\u00e9 Pasar\u00e1 con los Inmigrantes en el Gobierno de Trump?"},"content":{"rendered":"<p><span style=\"font-weight: 400;\">Con el retorno de Donald Trump a la Casa Blanca en el horizonte, el debate sobre sus pol\u00edticas migratorias ha cobrado fuerza. Las propuestas de su equipo est\u00e1n marcadas por una postura estricta que busca implementar deportaciones masivas, eliminar programas de protecci\u00f3n y redefinir derechos fundamentales. Este art\u00edculo analiza las principales medidas anunciadas, sus implicaciones y las reacciones que han suscitado.<\/span><\/p>\n<h2><span style=\"font-weight: 400;\">Un Plan Ambicioso para Deportaciones Masivas<\/span><\/h2>\n<p><span style=\"font-weight: 400;\">El equipo de Trump ha delineado un plan log\u00edsticamente complejo para ejecutar deportaciones a gran escala. Seg\u00fan informes recientes, se pretende movilizar recursos federales, incluyendo aviones, para trasladar a millones de inmigrantes indocumentados fuera del pa\u00eds. Tom Homan, designado como el \u00abzar de la frontera\u00bb, liderar\u00e1 esta operaci\u00f3n, priorizando la expulsi\u00f3n de quienes tengan antecedentes penales y de aquellos que cruzaron recientemente la frontera.<\/span><\/p>\n<p><span style=\"font-weight: 400;\">Organizaciones como la ACLU ya han tomado medidas legales, exigiendo transparencia sobre estos planes. Denuncian posibles violaciones de derechos humanos y advierten sobre los impactos sociales y econ\u00f3micos de una acci\u00f3n de tal magnitud. Adem\u00e1s, expertos legales prev\u00e9n desaf\u00edos en tribunales para evitar abusos en el proceso.<\/span><\/p>\n<h2><span style=\"font-weight: 400;\">Eliminaci\u00f3n de Protecciones como TPS y DACA<\/span><\/h2>\n<p><span style=\"font-weight: 400;\">Uno de los objetivos principales de la administraci\u00f3n Trump es desmantelar programas como el Estatus de Protecci\u00f3n Temporal (TPS) y la Acci\u00f3n Diferida para los Llegados en la Infancia (DACA). Estas iniciativas, que amparan a m\u00e1s de un mill\u00f3n de inmigrantes, enfrentan una posible eliminaci\u00f3n bajo su mandato. De concretarse, miles de familias quedar\u00edan vulnerables a la deportaci\u00f3n inmediata, generando una crisis humanitaria significativa.<\/span><\/p>\n<p><span style=\"font-weight: 400;\">Analistas legales consideran que la eliminaci\u00f3n de estas protecciones podr\u00eda enfrentar bloqueos judiciales. Sin embargo, los beneficiarios de estos programas viven con incertidumbre, mientras que los activistas buscan estrategias para proteger sus derechos.<\/span><\/p>\n<h2><span style=\"font-weight: 400;\">Cambios a la Ciudadan\u00eda por Nacimiento<\/span><\/h2>\n<p><span style=\"font-weight: 400;\">Trump tambi\u00e9n ha anunciado su intenci\u00f3n de firmar una orden ejecutiva para eliminar la ciudadan\u00eda autom\u00e1tica por nacimiento para hijos de inmigrantes indocumentados y turistas. Esta medida, que muchos expertos califican como inconstitucional, apunta a restringir los derechos de las comunidades inmigrantes. La propuesta ha generado un amplio rechazo entre l\u00edderes de derechos civiles, quienes argumentan que debilita principios fundamentales de igualdad y justicia.<\/span><\/p>\n<h2><span style=\"font-weight: 400;\">El Futuro del Parole Humanitario<\/span><\/h2>\n<p><span style=\"font-weight: 400;\">Otra medida pol\u00e9mica es la posible eliminaci\u00f3n del parole humanitario, un recurso utilizado para evitar deportaciones inmediatas en casos excepcionales. Abogados de inmigraci\u00f3n advierten que esta decisi\u00f3n podr\u00eda dejar a miles de personas en situaciones extremas sin alternativas legales para permanecer en el pa\u00eds.<\/span><\/p>\n<h2><span style=\"font-weight: 400;\">Reacciones de la Comunidad Latina y Temores en la Frontera<\/span><\/h2>\n<p><span style=\"font-weight: 400;\">Una encuesta reciente muestra que la mayor\u00eda de los latinos rechazan las deportaciones masivas propuestas. Argumentan que estas pol\u00edticas no solo afectar\u00e1n a las familias trabajadoras, sino que tambi\u00e9n generar\u00e1n un ambiente de miedo en las comunidades inmigrantes.<\/span><\/p>\n<p><span style=\"font-weight: 400;\">En la frontera, los migrantes con citas de asilo temen que las pol\u00edticas de Trump compliquen a\u00fan m\u00e1s el proceso de refugio en Estados Unidos. Organizaciones humanitarias han denunciado el impacto negativo que estas medidas tendr\u00e1n en las personas m\u00e1s vulnerables.<\/span><\/p>\n<h2><span style=\"font-weight: 400;\">Estrategias y Desaf\u00edos Log\u00edsticos<\/span><\/h2>\n<p><span style=\"font-weight: 400;\">La ejecuci\u00f3n de estas pol\u00edticas no est\u00e1 exenta de desaf\u00edos log\u00edsticos. La propuesta de utilizar una fuerza policial espec\u00edfica para llevar a cabo redadas masivas enfrenta cr\u00edticas por el alto costo y la falta de recursos humanos necesarios. Adem\u00e1s, se anticipa que las operaciones generar\u00e1n protestas masivas y resistencia por parte de activistas y comunidades afectadas.<\/span><\/p>\n<h2><span style=\"font-weight: 400;\">Conclusi\u00f3n<\/span><\/h2>\n<p><span style=\"font-weight: 400;\">Las medidas migratorias propuestas por Donald Trump representan un cambio radical en las pol\u00edticas de Estados Unidos hacia los inmigrantes. Si bien sus defensores argumentan que estas iniciativas fortalecer\u00e1n la seguridad nacional, los cr\u00edticos advierten sobre sus consecuencias humanitarias, legales y econ\u00f3micas.<\/span><\/p>\n<p><span style=\"font-weight: 400;\">En este contexto, es fundamental que las comunidades afectadas est\u00e9n informadas y preparadas para enfrentar posibles cambios en las leyes migratorias. La incertidumbre es palpable, pero tambi\u00e9n lo es la resistencia de organizaciones y l\u00edderes que buscan proteger los derechos de los inmigrantes y promover soluciones m\u00e1s humanas y justas.<\/span><\/p>\n","protected":false},"excerpt":{"rendered":"<p>Con el retorno de Donald Trump a la Casa Blanca en el horizonte, el debate sobre sus pol\u00edticas migratorias ha cobrado fuerza. Las propuestas de su equipo est\u00e1n marcadas por una postura estricta que busca implementar deportaciones masivas, eliminar programas de protecci\u00f3n y redefinir derechos fundamentales. Este art\u00edculo analiza las principales medidas anunciadas, sus implicaciones [&hellip;]<\/p>\n","protected":false},"author":6,"featured_media":7421,"comment_status":"closed","ping_status":"closed","sticky":false,"template":"","format":"standard","meta":{"footnotes":""},"categories":[27],"tags":[],"class_list":["post-6937","post","type-post","status-publish","format-standard","has-post-thumbnail","hentry","category-sin-categorizar"],"yoast_head":"<!-- This site is optimized with the Yoast SEO plugin v28.4 - https:\/\/yoast.com\/product\/yoast-seo-wordpress\/ -->\n<title>\u00bfQu\u00e9 Pasar\u00e1 con los Inmigrantes en el Gobierno de Trump? - Albizu Law Firm<\/title>\n<meta name=\"robots\" content=\"index, follow, max-snippet:-1, max-image-preview:large, max-video-preview:-1\" \/>\n<link rel=\"canonical\" href=\"https:\/\/albizulaw.com\/es\/que-pasara-con-los-inmigrantes-en-el-gobierno-de-trump\/\" \/>\n<meta property=\"og:locale\" content=\"es_ES\" \/>\n<meta property=\"og:type\" content=\"article\" \/>\n<meta property=\"og:title\" content=\"\u00bfQu\u00e9 Pasar\u00e1 con los Inmigrantes en el Gobierno de Trump? - Albizu Law Firm\" \/>\n<meta property=\"og:description\" content=\"Con el retorno de Donald Trump a la Casa Blanca en el horizonte, el debate sobre sus pol\u00edticas migratorias ha cobrado fuerza. Las propuestas de su equipo est\u00e1n marcadas por una postura estricta que busca implementar deportaciones masivas, eliminar programas de protecci\u00f3n y redefinir derechos fundamentales. Este art\u00edculo analiza las principales medidas anunciadas, sus implicaciones [&hellip;]\" \/>\n<meta property=\"og:url\" content=\"https:\/\/albizulaw.com\/es\/que-pasara-con-los-inmigrantes-en-el-gobierno-de-trump\/\" \/>\n<meta property=\"og:site_name\" content=\"Albizu Law Firm\" \/>\n<meta property=\"article:published_time\" content=\"2024-11-21T22:20:37+00:00\" \/>\n<meta property=\"article:modified_time\" content=\"2026-08-28T13:49:47+00:00\" \/>\n<meta property=\"og:image\" content=\"https:\/\/albizulaw.com\/wp-content\/uploads\/2024\/11\/What-Will-Happen-to-Immigrants-Under-the-Trump-Administration_-\u00bfQue-Pasara-con-los-Inmigrantes-Bajo-la-Administracion-Trump_-Albizu-Law.jpg\" \/>\n\t<meta property=\"og:image:width\" content=\"1000\" \/>\n\t<meta property=\"og:image:height\" content=\"500\" \/>\n\t<meta property=\"og:image:type\" content=\"image\/jpeg\" \/>\n<meta name=\"author\" content=\"Market Crest\" \/>\n<meta name=\"twitter:card\" content=\"summary_large_image\" \/>\n<meta name=\"twitter:label1\" content=\"Escrito por\" \/>\n\t<meta name=\"twitter:data1\" content=\"Market Crest\" \/>\n\t<meta name=\"twitter:label2\" content=\"Tiempo de lectura\" \/>\n\t<meta name=\"twitter:data2\" content=\"4 minutos\" \/>\n<script type=\"application\/ld+json\" class=\"yoast-schema-graph\">{\"@context\":\"https:\\\/\\\/schema.org\",\"@graph\":[{\"@type\":\"Article\",\"@id\":\"https:\\\/\\\/albizulaw.com\\\/es\\\/que-pasara-con-los-inmigrantes-en-el-gobierno-de-trump\\\/#article\",\"isPartOf\":{\"@id\":\"https:\\\/\\\/albizulaw.com\\\/es\\\/que-pasara-con-los-inmigrantes-en-el-gobierno-de-trump\\\/\"},\"author\":{\"name\":\"Market Crest\",\"@id\":\"https:\\\/\\\/albizulaw.com\\\/es\\\/#\\\/schema\\\/person\\\/62268c04d0301ba7f4c8fad5ee7bb3d8\"},\"headline\":\"\u00bfQu\u00e9 Pasar\u00e1 con los Inmigrantes en el Gobierno de Trump?\",\"datePublished\":\"2024-11-21T22:20:37+00:00\",\"dateModified\":\"2026-08-28T13:49:47+00:00\",\"mainEntityOfPage\":{\"@id\":\"https:\\\/\\\/albizulaw.com\\\/es\\\/que-pasara-con-los-inmigrantes-en-el-gobierno-de-trump\\\/\"},\"wordCount\":719,\"publisher\":{\"@id\":\"https:\\\/\\\/albizulaw.com\\\/es\\\/#organization\"},\"image\":{\"@id\":\"https:\\\/\\\/albizulaw.com\\\/es\\\/que-pasara-con-los-inmigrantes-en-el-gobierno-de-trump\\\/#primaryimage\"},\"thumbnailUrl\":\"https:\\\/\\\/albizulaw.com\\\/wp-content\\\/uploads\\\/2024\\\/11\\\/What-Will-Happen-to-Immigrants-Under-the-Trump-Administration_-\u00bfQue-Pasara-con-los-Inmigrantes-Bajo-la-Administracion-Trump_-Albizu-Law.jpg\",\"articleSection\":[\"Sin categorizar\"],\"inLanguage\":\"es\"},{\"@type\":\"WebPage\",\"@id\":\"https:\\\/\\\/albizulaw.com\\\/es\\\/que-pasara-con-los-inmigrantes-en-el-gobierno-de-trump\\\/\",\"url\":\"https:\\\/\\\/albizulaw.com\\\/es\\\/que-pasara-con-los-inmigrantes-en-el-gobierno-de-trump\\\/\",\"name\":\"\u00bfQu\u00e9 Pasar\u00e1 con los Inmigrantes en el Gobierno de Trump? - Albizu Law Firm\",\"isPartOf\":{\"@id\":\"https:\\\/\\\/albizulaw.com\\\/es\\\/#website\"},\"primaryImageOfPage\":{\"@id\":\"https:\\\/\\\/albizulaw.com\\\/es\\\/que-pasara-con-los-inmigrantes-en-el-gobierno-de-trump\\\/#primaryimage\"},\"image\":{\"@id\":\"https:\\\/\\\/albizulaw.com\\\/es\\\/que-pasara-con-los-inmigrantes-en-el-gobierno-de-trump\\\/#primaryimage\"},\"thumbnailUrl\":\"https:\\\/\\\/albizulaw.com\\\/wp-content\\\/uploads\\\/2024\\\/11\\\/What-Will-Happen-to-Immigrants-Under-the-Trump-Administration_-\u00bfQue-Pasara-con-los-Inmigrantes-Bajo-la-Administracion-Trump_-Albizu-Law.jpg\",\"datePublished\":\"2024-11-21T22:20:37+00:00\",\"dateModified\":\"2026-08-28T13:49:47+00:00\",\"breadcrumb\":{\"@id\":\"https:\\\/\\\/albizulaw.com\\\/es\\\/que-pasara-con-los-inmigrantes-en-el-gobierno-de-trump\\\/#breadcrumb\"},\"inLanguage\":\"es\",\"potentialAction\":[{\"@type\":\"ReadAction\",\"target\":[\"https:\\\/\\\/albizulaw.com\\\/es\\\/que-pasara-con-los-inmigrantes-en-el-gobierno-de-trump\\\/\"]}]},{\"@type\":\"ImageObject\",\"inLanguage\":\"es\",\"@id\":\"https:\\\/\\\/albizulaw.com\\\/es\\\/que-pasara-con-los-inmigrantes-en-el-gobierno-de-trump\\\/#primaryimage\",\"url\":\"https:\\\/\\\/albizulaw.com\\\/wp-content\\\/uploads\\\/2024\\\/11\\\/What-Will-Happen-to-Immigrants-Under-the-Trump-Administration_-\u00bfQue-Pasara-con-los-Inmigrantes-Bajo-la-Administracion-Trump_-Albizu-Law.jpg\",\"contentUrl\":\"https:\\\/\\\/albizulaw.com\\\/wp-content\\\/uploads\\\/2024\\\/11\\\/What-Will-Happen-to-Immigrants-Under-the-Trump-Administration_-\u00bfQue-Pasara-con-los-Inmigrantes-Bajo-la-Administracion-Trump_-Albizu-Law.jpg\",\"width\":1000,\"height\":500,\"caption\":\"What Will Happen to Immigrants Under the Trump Administration_ - \u00bfQu\u00e9 Pasar\u00e1 con los Inmigrantes Bajo la Administraci\u00f3n Trump_ - Albizu Law\"},{\"@type\":\"BreadcrumbList\",\"@id\":\"https:\\\/\\\/albizulaw.com\\\/es\\\/que-pasara-con-los-inmigrantes-en-el-gobierno-de-trump\\\/#breadcrumb\",\"itemListElement\":[{\"@type\":\"ListItem\",\"position\":1,\"name\":\"Home\",\"item\":\"https:\\\/\\\/albizulaw.com\\\/es\\\/\"},{\"@type\":\"ListItem\",\"position\":2,\"name\":\"\u00bfQu\u00e9 Pasar\u00e1 con los Inmigrantes en el Gobierno de Trump?\"}]},{\"@type\":\"WebSite\",\"@id\":\"https:\\\/\\\/albizulaw.com\\\/es\\\/#website\",\"url\":\"https:\\\/\\\/albizulaw.com\\\/es\\\/\",\"name\":\"Albizu Law Firm\",\"description\":\"Immigration Lawyer\",\"publisher\":{\"@id\":\"https:\\\/\\\/albizulaw.com\\\/es\\\/#organization\"},\"potentialAction\":[{\"@type\":\"SearchAction\",\"target\":{\"@type\":\"EntryPoint\",\"urlTemplate\":\"https:\\\/\\\/albizulaw.com\\\/es\\\/?s={search_term_string}\"},\"query-input\":{\"@type\":\"PropertyValueSpecification\",\"valueRequired\":true,\"valueName\":\"search_term_string\"}}],\"inLanguage\":\"es\"},{\"@type\":\"Organization\",\"@id\":\"https:\\\/\\\/albizulaw.com\\\/es\\\/#organization\",\"name\":\"Albizu Law Firm\",\"url\":\"https:\\\/\\\/albizulaw.com\\\/es\\\/\",\"logo\":{\"@type\":\"ImageObject\",\"inLanguage\":\"es\",\"@id\":\"https:\\\/\\\/albizulaw.com\\\/es\\\/#\\\/schema\\\/logo\\\/image\\\/\",\"url\":\"https:\\\/\\\/albizulaw.com\\\/wp-content\\\/uploads\\\/2025\\\/03\\\/logo-white-png.avif\",\"contentUrl\":\"https:\\\/\\\/albizulaw.com\\\/wp-content\\\/uploads\\\/2025\\\/03\\\/logo-white-png.avif\",\"width\":1491,\"height\":447,\"caption\":\"Albizu Law Firm\"},\"image\":{\"@id\":\"https:\\\/\\\/albizulaw.com\\\/es\\\/#\\\/schema\\\/logo\\\/image\\\/\"}},{\"@type\":\"Person\",\"@id\":\"https:\\\/\\\/albizulaw.com\\\/es\\\/#\\\/schema\\\/person\\\/62268c04d0301ba7f4c8fad5ee7bb3d8\",\"name\":\"Market Crest\",\"image\":{\"@type\":\"ImageObject\",\"inLanguage\":\"es\",\"@id\":\"https:\\\/\\\/secure.gravatar.com\\\/avatar\\\/758629c3e4bf456e49387a93d2ec8d427b69e5f4be6811b69a1357aa2d150593?s=96&d=mm&r=g\",\"url\":\"https:\\\/\\\/secure.gravatar.com\\\/avatar\\\/758629c3e4bf456e49387a93d2ec8d427b69e5f4be6811b69a1357aa2d150593?s=96&d=mm&r=g\",\"contentUrl\":\"https:\\\/\\\/secure.gravatar.com\\\/avatar\\\/758629c3e4bf456e49387a93d2ec8d427b69e5f4be6811b69a1357aa2d150593?s=96&d=mm&r=g\",\"caption\":\"Market Crest\"}}]}<\/script>\n<!-- \/ Yoast SEO plugin. -->","yoast_head_json":{"title":"\u00bfQu\u00e9 Pasar\u00e1 con los Inmigrantes en el Gobierno de Trump? - Albizu Law Firm","robots":{"index":"index","follow":"follow","max-snippet":"max-snippet:-1","max-image-preview":"max-image-preview:large","max-video-preview":"max-video-preview:-1"},"canonical":"https:\/\/albizulaw.com\/es\/que-pasara-con-los-inmigrantes-en-el-gobierno-de-trump\/","og_locale":"es_ES","og_type":"article","og_title":"\u00bfQu\u00e9 Pasar\u00e1 con los Inmigrantes en el Gobierno de Trump? - Albizu Law Firm","og_description":"Con el retorno de Donald Trump a la Casa Blanca en el horizonte, el debate sobre sus pol\u00edticas migratorias ha cobrado fuerza. Las propuestas de su equipo est\u00e1n marcadas por una postura estricta que busca implementar deportaciones masivas, eliminar programas de protecci\u00f3n y redefinir derechos fundamentales. Este art\u00edculo analiza las principales medidas anunciadas, sus implicaciones [&hellip;]","og_url":"https:\/\/albizulaw.com\/es\/que-pasara-con-los-inmigrantes-en-el-gobierno-de-trump\/","og_site_name":"Albizu Law Firm","article_published_time":"2024-11-21T22:20:37+00:00","article_modified_time":"2026-08-28T13:49:47+00:00","og_image":[{"width":1000,"height":500,"url":"https:\/\/albizulaw.com\/wp-content\/uploads\/2024\/11\/What-Will-Happen-to-Immigrants-Under-the-Trump-Administration_-\u00bfQue-Pasara-con-los-Inmigrantes-Bajo-la-Administracion-Trump_-Albizu-Law.jpg","type":"image\/jpeg"}],"author":"Market Crest","twitter_card":"summary_large_image","twitter_misc":{"Escrito por":"Market Crest","Tiempo de lectura":"4 minutos"},"schema":{"@context":"https:\/\/schema.org","@graph":[{"@type":"Article","@id":"https:\/\/albizulaw.com\/es\/que-pasara-con-los-inmigrantes-en-el-gobierno-de-trump\/#article","isPartOf":{"@id":"https:\/\/albizulaw.com\/es\/que-pasara-con-los-inmigrantes-en-el-gobierno-de-trump\/"},"author":{"name":"Market Crest","@id":"https:\/\/albizulaw.com\/es\/#\/schema\/person\/62268c04d0301ba7f4c8fad5ee7bb3d8"},"headline":"\u00bfQu\u00e9 Pasar\u00e1 con los Inmigrantes en el Gobierno de Trump?","datePublished":"2024-11-21T22:20:37+00:00","dateModified":"2026-08-28T13:49:47+00:00","mainEntityOfPage":{"@id":"https:\/\/albizulaw.com\/es\/que-pasara-con-los-inmigrantes-en-el-gobierno-de-trump\/"},"wordCount":719,"publisher":{"@id":"https:\/\/albizulaw.com\/es\/#organization"},"image":{"@id":"https:\/\/albizulaw.com\/es\/que-pasara-con-los-inmigrantes-en-el-gobierno-de-trump\/#primaryimage"},"thumbnailUrl":"https:\/\/albizulaw.com\/wp-content\/uploads\/2024\/11\/What-Will-Happen-to-Immigrants-Under-the-Trump-Administration_-\u00bfQue-Pasara-con-los-Inmigrantes-Bajo-la-Administracion-Trump_-Albizu-Law.jpg","articleSection":["Sin categorizar"],"inLanguage":"es"},{"@type":"WebPage","@id":"https:\/\/albizulaw.com\/es\/que-pasara-con-los-inmigrantes-en-el-gobierno-de-trump\/","url":"https:\/\/albizulaw.com\/es\/que-pasara-con-los-inmigrantes-en-el-gobierno-de-trump\/","name":"\u00bfQu\u00e9 Pasar\u00e1 con los Inmigrantes en el Gobierno de Trump? - Albizu Law Firm","isPartOf":{"@id":"https:\/\/albizulaw.com\/es\/#website"},"primaryImageOfPage":{"@id":"https:\/\/albizulaw.com\/es\/que-pasara-con-los-inmigrantes-en-el-gobierno-de-trump\/#primaryimage"},"image":{"@id":"https:\/\/albizulaw.com\/es\/que-pasara-con-los-inmigrantes-en-el-gobierno-de-trump\/#primaryimage"},"thumbnailUrl":"https:\/\/albizulaw.com\/wp-content\/uploads\/2024\/11\/What-Will-Happen-to-Immigrants-Under-the-Trump-Administration_-\u00bfQue-Pasara-con-los-Inmigrantes-Bajo-la-Administracion-Trump_-Albizu-Law.jpg","datePublished":"2024-11-21T22:20:37+00:00","dateModified":"2026-08-28T13:49:47+00:00","breadcrumb":{"@id":"https:\/\/albizulaw.com\/es\/que-pasara-con-los-inmigrantes-en-el-gobierno-de-trump\/#breadcrumb"},"inLanguage":"es","potentialAction":[{"@type":"ReadAction","target":["https:\/\/albizulaw.com\/es\/que-pasara-con-los-inmigrantes-en-el-gobierno-de-trump\/"]}]},{"@type":"ImageObject","inLanguage":"es","@id":"https:\/\/albizulaw.com\/es\/que-pasara-con-los-inmigrantes-en-el-gobierno-de-trump\/#primaryimage","url":"https:\/\/albizulaw.com\/wp-content\/uploads\/2024\/11\/What-Will-Happen-to-Immigrants-Under-the-Trump-Administration_-\u00bfQue-Pasara-con-los-Inmigrantes-Bajo-la-Administracion-Trump_-Albizu-Law.jpg","contentUrl":"https:\/\/albizulaw.com\/wp-content\/uploads\/2024\/11\/What-Will-Happen-to-Immigrants-Under-the-Trump-Administration_-\u00bfQue-Pasara-con-los-Inmigrantes-Bajo-la-Administracion-Trump_-Albizu-Law.jpg","width":1000,"height":500,"caption":"What Will Happen to Immigrants Under the Trump Administration_ - \u00bfQu\u00e9 Pasar\u00e1 con los Inmigrantes Bajo la Administraci\u00f3n Trump_ - Albizu Law"},{"@type":"BreadcrumbList","@id":"https:\/\/albizulaw.com\/es\/que-pasara-con-los-inmigrantes-en-el-gobierno-de-trump\/#breadcrumb","itemListElement":[{"@type":"ListItem","position":1,"name":"Home","item":"https:\/\/albizulaw.com\/es\/"},{"@type":"ListItem","position":2,"name":"\u00bfQu\u00e9 Pasar\u00e1 con los Inmigrantes en el Gobierno de Trump?"}]},{"@type":"WebSite","@id":"https:\/\/albizulaw.com\/es\/#website","url":"https:\/\/albizulaw.com\/es\/","name":"Albizu Law Firm","description":"Immigration Lawyer","publisher":{"@id":"https:\/\/albizulaw.com\/es\/#organization"},"potentialAction":[{"@type":"SearchAction","target":{"@type":"EntryPoint","urlTemplate":"https:\/\/albizulaw.com\/es\/?s={search_term_string}"},"query-input":{"@type":"PropertyValueSpecification","valueRequired":true,"valueName":"search_term_string"}}],"inLanguage":"es"},{"@type":"Organization","@id":"https:\/\/albizulaw.com\/es\/#organization","name":"Albizu Law Firm","url":"https:\/\/albizulaw.com\/es\/","logo":{"@type":"ImageObject","inLanguage":"es","@id":"https:\/\/albizulaw.com\/es\/#\/schema\/logo\/image\/","url":"https:\/\/albizulaw.com\/wp-content\/uploads\/2025\/03\/logo-white-png.avif","contentUrl":"https:\/\/albizulaw.com\/wp-content\/uploads\/2025\/03\/logo-white-png.avif","width":1491,"height":447,"caption":"Albizu Law Firm"},"image":{"@id":"https:\/\/albizulaw.com\/es\/#\/schema\/logo\/image\/"}},{"@type":"Person","@id":"https:\/\/albizulaw.com\/es\/#\/schema\/person\/62268c04d0301ba7f4c8fad5ee7bb3d8","name":"Market Crest","image":{"@type":"ImageObject","inLanguage":"es","@id":"https:\/\/secure.gravatar.com\/avatar\/758629c3e4bf456e49387a93d2ec8d427b69e5f4be6811b69a1357aa2d150593?s=96&d=mm&r=g","url":"https:\/\/secure.gravatar.com\/avatar\/758629c3e4bf456e49387a93d2ec8d427b69e5f4be6811b69a1357aa2d150593?s=96&d=mm&r=g","contentUrl":"https:\/\/secure.gravatar.com\/avatar\/758629c3e4bf456e49387a93d2ec8d427b69e5f4be6811b69a1357aa2d150593?s=96&d=mm&r=g","caption":"Market Crest"}}]}},"_links":{"self":[{"href":"https:\/\/albizulaw.com\/es\/wp-json\/wp\/v2\/posts\/6937","targetHints":{"allow":["GET"]}}],"collection":[{"href":"https:\/\/albizulaw.com\/es\/wp-json\/wp\/v2\/posts"}],"about":[{"href":"https:\/\/albizulaw.com\/es\/wp-json\/wp\/v2\/types\/post"}],"author":[{"embeddable":true,"href":"https:\/\/albizulaw.com\/es\/wp-json\/wp\/v2\/users\/6"}],"replies":[{"embeddable":true,"href":"https:\/\/albizulaw.com\/es\/wp-json\/wp\/v2\/comments?post=6937"}],"version-history":[{"count":1,"href":"https:\/\/albizulaw.com\/es\/wp-json\/wp\/v2\/posts\/6937\/revisions"}],"predecessor-version":[{"id":6939,"href":"https:\/\/albizulaw.com\/es\/wp-json\/wp\/v2\/posts\/6937\/revisions\/6939"}],"wp:featuredmedia":[{"embeddable":true,"href":"https:\/\/albizulaw.com\/es\/wp-json\/wp\/v2\/media\/7421"}],"wp:attachment":[{"href":"https:\/\/albizulaw.com\/es\/wp-json\/wp\/v2\/media?parent=6937"}],"wp:term":[{"taxonomy":"category","embeddable":true,"href":"https:\/\/albizulaw.com\/es\/wp-json\/wp\/v2\/categories?post=6937"},{"taxonomy":"post_tag","embeddable":true,"href":"https:\/\/albizulaw.com\/es\/wp-json\/wp\/v2\/tags?post=6937"}],"curies":[{"name":"wp","href":"https:\/\/api.w.org\/{rel}","templated":true}]}}