{"id":6978,"date":"2024-08-05T18:52:29","date_gmt":"2024-08-05T23:52:29","guid":{"rendered":"https:\/\/albizulaw.com\/?p=6978"},"modified":"2026-08-28T13:11:17","modified_gmt":"2026-08-28T18:11:17","slug":"que-cambia-con-la-exencion-d-3-de-biden","status":"publish","type":"post","link":"https:\/\/albizulaw.com\/es\/que-cambia-con-la-exencion-d-3-de-biden\/","title":{"rendered":"\u00bfQu\u00e9 Cambia con la Exenci\u00f3n D-3 de Biden?"},"content":{"rendered":"<p><span style=\"font-weight: 400;\">\u00bfTe has preguntado c\u00f3mo las recientes pol\u00edticas de inmigraci\u00f3n de Biden pueden afectar a los graduados extranjeros y beneficiarios de DACA que buscan trabajar en EE. UU.? La respuesta podr\u00eda transformar el futuro de muchos.<\/span><\/p>\n<h1><span style=\"font-weight: 400;\">\u00bfQu\u00e9 es la Exenci\u00f3n D-3?<\/span><\/h1>\n<p><span style=\"font-weight: 400;\">La exenci\u00f3n D-3 permite a ciertos inmigrantes indocumentados, incluidos los beneficiarios de DACA, obtener una visa de trabajo temporal. Esta exenci\u00f3n es esencial para los beneficiarios de DACA que no pueden ajustar su estatus dentro de EE. UU. y deben viajar al extranjero para solicitar una visa. La exenci\u00f3n D-3 les permite reingresar legalmente al pa\u00eds, facilitando la transici\u00f3n a visas de trabajo como la H-1B.<\/span><\/p>\n<h1><span style=\"font-weight: 400;\">Funcionamiento de la Exenci\u00f3n en la Pr\u00e1ctica<\/span><\/h1>\n<p><span style=\"font-weight: 400;\">Imagina que eres un beneficiario de DACA que ha terminado sus estudios y has conseguido una oferta de trabajo como ingeniero en una empresa de tecnolog\u00eda en EE. UU. La empresa decide patrocinarte para una visa H-1B. Sin embargo, no puedes ajustar tu estatus directamente dentro de EE. UU. debido a tu historial de presencia ilegal. Esto significa que debes viajar a un consulado estadounidense en otro pa\u00eds para solicitar la visa.<\/span><\/p>\n<p><span style=\"font-weight: 400;\">En el consulado, debes revelar cualquier periodo de presencia ilegal en EE. UU. Si has acumulado presencia ilegal como adulto, necesitar\u00e1s solicitar una exenci\u00f3n D-3. Esta exenci\u00f3n te permitir\u00e1 obtener la visa H-1B y reingresar legalmente a EE. UU. Una vez que la exenci\u00f3n D-3 sea aprobada, recibir\u00e1s el sello de la visa H-1B en tu pasaporte y podr\u00e1s regresar a EE. UU. para comenzar tu nuevo empleo como ingeniero.<\/span><\/p>\n<h1><span style=\"font-weight: 400;\">Aspectos Clave de la Gu\u00eda Actualizada<\/span><\/h1>\n<p><span style=\"font-weight: 400;\">La nueva gu\u00eda insta a los oficiales consulares a considerar ciertos factores al decidir sobre la aprobaci\u00f3n de una exenci\u00f3n D-3, tales como:<\/span><\/p>\n<p><span style=\"font-weight: 400;\">&#8211; Reconocer que los solicitantes graduados de instituciones estadounidenses o con cualificaciones laborales especializadas tienen un impacto positivo en los intereses p\u00fablicos de EE. UU., especialmente aquellos que desean reingresar para comenzar o continuar su empleo en un campo relacionado con su t\u00edtulo.<\/span><\/p>\n<p><span style=\"font-weight: 400;\">La gu\u00eda tambi\u00e9n alienta a los oficiales consulares a acelerar el proceso de solicitud y aprobaci\u00f3n para estos solicitantes.<\/span><\/p>\n<h1><span style=\"font-weight: 400;\">C\u00f3mo Pueden los Empleadores Apoyar a sus Empleados<\/span><\/h1>\n<p><span style=\"font-weight: 400;\">Los empleadores tienen un papel crucial en el apoyo a sus empleados durante el proceso de exenci\u00f3n D-3. A continuaci\u00f3n, se detallan algunos pasos que pueden tomar:<\/span><\/p>\n<ul>\n<li><span style=\"font-weight: 400;\">Educar e Informar: Difundir la importancia de la exenci\u00f3n D-3 y la nueva gu\u00eda. Asegurarse de que todos los departamentos relevantes, como RRHH y legal, est\u00e9n informados de estos cambios.<\/span><\/li>\n<li><span style=\"font-weight: 400;\">Identificar a los Empleados Elegibles: Realizar un sondeo en la fuerza laboral para identificar a los empleados que podr\u00edan beneficiarse de la exenci\u00f3n D-3. Ofrecer evaluaciones y apoyo a los elegibles.<\/span><\/li>\n<li><span style=\"font-weight: 400;\">Proveer Recursos y Apoyo: Compartir informaci\u00f3n sobre el proceso de exenci\u00f3n D-3 y ofrecer asistencia en la preparaci\u00f3n de la documentaci\u00f3n necesaria. Considerar proporcionar apoyo legal o servicios de consultor\u00eda para facilitar el proceso.<\/span><\/li>\n<li><span style=\"font-weight: 400;\">Crear un Ambiente de Apoyo: Fomentar una comunidad entre los empleados de DACA y otros que puedan necesitar la exenci\u00f3n D-3. Facilitar la creaci\u00f3n de redes y el apoyo entre pares para ayudar a los individuos a trav\u00e9s del proceso.<\/span><\/li>\n<\/ul>\n<p><span style=\"font-weight: 400;\">Esta nueva gu\u00eda de Biden es un paso importante hacia la mejora del proceso de exenci\u00f3n D-3, brindando una oportunidad para que los graduados extranjeros y beneficiarios de DACA contribuyan de manera significativa a la econom\u00eda de EE. UU.<\/span><\/p>\n<p><span style=\"font-weight: 400;\">\u00bfTe sorprendi\u00f3 c\u00f3mo la nueva gu\u00eda de Biden puede cambiar el proceso de exenci\u00f3n D-3? \u00a1No dejes que esta informaci\u00f3n valiosa se quede solo contigo! Comparte este art\u00edculo con aquellos que puedan beneficiarse. Si tienes dudas o necesitas asesor\u00eda personalizada sobre c\u00f3mo esta actualizaci\u00f3n podr\u00eda afectar tu situaci\u00f3n, agenda una consulta llamando al 512-861-5638. \u00a1Act\u00faa ahora y asegura tu camino hacia una soluci\u00f3n efectiva!<\/span><\/p>\n","protected":false},"excerpt":{"rendered":"<p>\u00bfTe has preguntado c\u00f3mo las recientes pol\u00edticas de inmigraci\u00f3n de Biden pueden afectar a los graduados extranjeros y beneficiarios de DACA que buscan trabajar en EE. UU.? La respuesta podr\u00eda transformar el futuro de muchos. \u00bfQu\u00e9 es la Exenci\u00f3n D-3? La exenci\u00f3n D-3 permite a ciertos inmigrantes indocumentados, incluidos los beneficiarios de DACA, obtener una [&hellip;]<\/p>\n","protected":false},"author":6,"featured_media":7461,"comment_status":"closed","ping_status":"closed","sticky":false,"template":"","format":"standard","meta":{"footnotes":""},"categories":[27],"tags":[],"class_list":["post-6978","post","type-post","status-publish","format-standard","has-post-thumbnail","hentry","category-sin-categorizar"],"yoast_head":"<!-- This site is optimized with the Yoast SEO plugin v28.4 - https:\/\/yoast.com\/product\/yoast-seo-wordpress\/ -->\n<title>\u00bfQu\u00e9 Cambia con la Exenci\u00f3n D-3 de Biden? - Albizu Law Firm<\/title>\n<meta name=\"robots\" content=\"index, follow, max-snippet:-1, max-image-preview:large, max-video-preview:-1\" \/>\n<link rel=\"canonical\" href=\"https:\/\/albizulaw.com\/es\/que-cambia-con-la-exencion-d-3-de-biden\/\" \/>\n<meta property=\"og:locale\" content=\"es_ES\" \/>\n<meta property=\"og:type\" content=\"article\" \/>\n<meta property=\"og:title\" content=\"\u00bfQu\u00e9 Cambia con la Exenci\u00f3n D-3 de Biden? - Albizu Law Firm\" \/>\n<meta property=\"og:description\" content=\"\u00bfTe has preguntado c\u00f3mo las recientes pol\u00edticas de inmigraci\u00f3n de Biden pueden afectar a los graduados extranjeros y beneficiarios de DACA que buscan trabajar en EE. UU.? La respuesta podr\u00eda transformar el futuro de muchos. \u00bfQu\u00e9 es la Exenci\u00f3n D-3? La exenci\u00f3n D-3 permite a ciertos inmigrantes indocumentados, incluidos los beneficiarios de DACA, obtener una [&hellip;]\" \/>\n<meta property=\"og:url\" content=\"https:\/\/albizulaw.com\/es\/que-cambia-con-la-exencion-d-3-de-biden\/\" \/>\n<meta property=\"og:site_name\" content=\"Albizu Law Firm\" \/>\n<meta property=\"article:published_time\" content=\"2024-08-05T23:52:29+00:00\" \/>\n<meta property=\"article:modified_time\" content=\"2026-08-28T18:11:17+00:00\" \/>\n<meta property=\"og:image\" content=\"https:\/\/albizulaw.com\/wp-content\/uploads\/2024\/08\/Biden-D-3-waiver-Lo-que-significa-la-exencion-D-3-de-Biden-para-los-beneficiarios-de-DACA-y-los-graduados-extranjeros-Albizu-Law-1.jpg\" \/>\n\t<meta property=\"og:image:width\" content=\"1000\" \/>\n\t<meta property=\"og:image:height\" content=\"500\" \/>\n\t<meta property=\"og:image:type\" content=\"image\/jpeg\" \/>\n<meta name=\"author\" content=\"Market Crest\" \/>\n<meta name=\"twitter:card\" content=\"summary_large_image\" \/>\n<meta name=\"twitter:label1\" content=\"Escrito por\" \/>\n\t<meta name=\"twitter:data1\" content=\"Market Crest\" \/>\n\t<meta name=\"twitter:label2\" content=\"Tiempo de lectura\" \/>\n\t<meta name=\"twitter:data2\" content=\"3 minutos\" \/>\n<script type=\"application\/ld+json\" class=\"yoast-schema-graph\">{\"@context\":\"https:\\\/\\\/schema.org\",\"@graph\":[{\"@type\":\"Article\",\"@id\":\"https:\\\/\\\/albizulaw.com\\\/es\\\/que-cambia-con-la-exencion-d-3-de-biden\\\/#article\",\"isPartOf\":{\"@id\":\"https:\\\/\\\/albizulaw.com\\\/es\\\/que-cambia-con-la-exencion-d-3-de-biden\\\/\"},\"author\":{\"name\":\"Market Crest\",\"@id\":\"https:\\\/\\\/albizulaw.com\\\/es\\\/#\\\/schema\\\/person\\\/62268c04d0301ba7f4c8fad5ee7bb3d8\"},\"headline\":\"\u00bfQu\u00e9 Cambia con la Exenci\u00f3n D-3 de Biden?\",\"datePublished\":\"2024-08-05T23:52:29+00:00\",\"dateModified\":\"2026-08-28T18:11:17+00:00\",\"mainEntityOfPage\":{\"@id\":\"https:\\\/\\\/albizulaw.com\\\/es\\\/que-cambia-con-la-exencion-d-3-de-biden\\\/\"},\"wordCount\":693,\"publisher\":{\"@id\":\"https:\\\/\\\/albizulaw.com\\\/es\\\/#organization\"},\"image\":{\"@id\":\"https:\\\/\\\/albizulaw.com\\\/es\\\/que-cambia-con-la-exencion-d-3-de-biden\\\/#primaryimage\"},\"thumbnailUrl\":\"https:\\\/\\\/albizulaw.com\\\/wp-content\\\/uploads\\\/2024\\\/08\\\/Biden-D-3-waiver-Lo-que-significa-la-exencion-D-3-de-Biden-para-los-beneficiarios-de-DACA-y-los-graduados-extranjeros-Albizu-Law-1.jpg\",\"articleSection\":[\"Sin categorizar\"],\"inLanguage\":\"es\"},{\"@type\":\"WebPage\",\"@id\":\"https:\\\/\\\/albizulaw.com\\\/es\\\/que-cambia-con-la-exencion-d-3-de-biden\\\/\",\"url\":\"https:\\\/\\\/albizulaw.com\\\/es\\\/que-cambia-con-la-exencion-d-3-de-biden\\\/\",\"name\":\"\u00bfQu\u00e9 Cambia con la Exenci\u00f3n D-3 de Biden? - Albizu Law Firm\",\"isPartOf\":{\"@id\":\"https:\\\/\\\/albizulaw.com\\\/es\\\/#website\"},\"primaryImageOfPage\":{\"@id\":\"https:\\\/\\\/albizulaw.com\\\/es\\\/que-cambia-con-la-exencion-d-3-de-biden\\\/#primaryimage\"},\"image\":{\"@id\":\"https:\\\/\\\/albizulaw.com\\\/es\\\/que-cambia-con-la-exencion-d-3-de-biden\\\/#primaryimage\"},\"thumbnailUrl\":\"https:\\\/\\\/albizulaw.com\\\/wp-content\\\/uploads\\\/2024\\\/08\\\/Biden-D-3-waiver-Lo-que-significa-la-exencion-D-3-de-Biden-para-los-beneficiarios-de-DACA-y-los-graduados-extranjeros-Albizu-Law-1.jpg\",\"datePublished\":\"2024-08-05T23:52:29+00:00\",\"dateModified\":\"2026-08-28T18:11:17+00:00\",\"breadcrumb\":{\"@id\":\"https:\\\/\\\/albizulaw.com\\\/es\\\/que-cambia-con-la-exencion-d-3-de-biden\\\/#breadcrumb\"},\"inLanguage\":\"es\",\"potentialAction\":[{\"@type\":\"ReadAction\",\"target\":[\"https:\\\/\\\/albizulaw.com\\\/es\\\/que-cambia-con-la-exencion-d-3-de-biden\\\/\"]}]},{\"@type\":\"ImageObject\",\"inLanguage\":\"es\",\"@id\":\"https:\\\/\\\/albizulaw.com\\\/es\\\/que-cambia-con-la-exencion-d-3-de-biden\\\/#primaryimage\",\"url\":\"https:\\\/\\\/albizulaw.com\\\/wp-content\\\/uploads\\\/2024\\\/08\\\/Biden-D-3-waiver-Lo-que-significa-la-exencion-D-3-de-Biden-para-los-beneficiarios-de-DACA-y-los-graduados-extranjeros-Albizu-Law-1.jpg\",\"contentUrl\":\"https:\\\/\\\/albizulaw.com\\\/wp-content\\\/uploads\\\/2024\\\/08\\\/Biden-D-3-waiver-Lo-que-significa-la-exencion-D-3-de-Biden-para-los-beneficiarios-de-DACA-y-los-graduados-extranjeros-Albizu-Law-1.jpg\",\"width\":1000,\"height\":500,\"caption\":\"Biden D-3 waiver - Lo que significa la exenci\u00f3n D-3 de Biden para los beneficiarios de DACA y los graduados extranjeros - Albizu Law\"},{\"@type\":\"BreadcrumbList\",\"@id\":\"https:\\\/\\\/albizulaw.com\\\/es\\\/que-cambia-con-la-exencion-d-3-de-biden\\\/#breadcrumb\",\"itemListElement\":[{\"@type\":\"ListItem\",\"position\":1,\"name\":\"Home\",\"item\":\"https:\\\/\\\/albizulaw.com\\\/es\\\/\"},{\"@type\":\"ListItem\",\"position\":2,\"name\":\"\u00bfQu\u00e9 Cambia con la Exenci\u00f3n D-3 de Biden?\"}]},{\"@type\":\"WebSite\",\"@id\":\"https:\\\/\\\/albizulaw.com\\\/es\\\/#website\",\"url\":\"https:\\\/\\\/albizulaw.com\\\/es\\\/\",\"name\":\"Albizu Law Firm\",\"description\":\"Immigration Lawyer\",\"publisher\":{\"@id\":\"https:\\\/\\\/albizulaw.com\\\/es\\\/#organization\"},\"potentialAction\":[{\"@type\":\"SearchAction\",\"target\":{\"@type\":\"EntryPoint\",\"urlTemplate\":\"https:\\\/\\\/albizulaw.com\\\/es\\\/?s={search_term_string}\"},\"query-input\":{\"@type\":\"PropertyValueSpecification\",\"valueRequired\":true,\"valueName\":\"search_term_string\"}}],\"inLanguage\":\"es\"},{\"@type\":\"Organization\",\"@id\":\"https:\\\/\\\/albizulaw.com\\\/es\\\/#organization\",\"name\":\"Albizu Law Firm\",\"url\":\"https:\\\/\\\/albizulaw.com\\\/es\\\/\",\"logo\":{\"@type\":\"ImageObject\",\"inLanguage\":\"es\",\"@id\":\"https:\\\/\\\/albizulaw.com\\\/es\\\/#\\\/schema\\\/logo\\\/image\\\/\",\"url\":\"https:\\\/\\\/albizulaw.com\\\/wp-content\\\/uploads\\\/2025\\\/03\\\/logo-white-png.avif\",\"contentUrl\":\"https:\\\/\\\/albizulaw.com\\\/wp-content\\\/uploads\\\/2025\\\/03\\\/logo-white-png.avif\",\"width\":1491,\"height\":447,\"caption\":\"Albizu Law Firm\"},\"image\":{\"@id\":\"https:\\\/\\\/albizulaw.com\\\/es\\\/#\\\/schema\\\/logo\\\/image\\\/\"}},{\"@type\":\"Person\",\"@id\":\"https:\\\/\\\/albizulaw.com\\\/es\\\/#\\\/schema\\\/person\\\/62268c04d0301ba7f4c8fad5ee7bb3d8\",\"name\":\"Market Crest\",\"image\":{\"@type\":\"ImageObject\",\"inLanguage\":\"es\",\"@id\":\"https:\\\/\\\/secure.gravatar.com\\\/avatar\\\/758629c3e4bf456e49387a93d2ec8d427b69e5f4be6811b69a1357aa2d150593?s=96&d=mm&r=g\",\"url\":\"https:\\\/\\\/secure.gravatar.com\\\/avatar\\\/758629c3e4bf456e49387a93d2ec8d427b69e5f4be6811b69a1357aa2d150593?s=96&d=mm&r=g\",\"contentUrl\":\"https:\\\/\\\/secure.gravatar.com\\\/avatar\\\/758629c3e4bf456e49387a93d2ec8d427b69e5f4be6811b69a1357aa2d150593?s=96&d=mm&r=g\",\"caption\":\"Market Crest\"}}]}<\/script>\n<!-- \/ Yoast SEO plugin. -->","yoast_head_json":{"title":"\u00bfQu\u00e9 Cambia con la Exenci\u00f3n D-3 de Biden? - Albizu Law Firm","robots":{"index":"index","follow":"follow","max-snippet":"max-snippet:-1","max-image-preview":"max-image-preview:large","max-video-preview":"max-video-preview:-1"},"canonical":"https:\/\/albizulaw.com\/es\/que-cambia-con-la-exencion-d-3-de-biden\/","og_locale":"es_ES","og_type":"article","og_title":"\u00bfQu\u00e9 Cambia con la Exenci\u00f3n D-3 de Biden? - Albizu Law Firm","og_description":"\u00bfTe has preguntado c\u00f3mo las recientes pol\u00edticas de inmigraci\u00f3n de Biden pueden afectar a los graduados extranjeros y beneficiarios de DACA que buscan trabajar en EE. UU.? La respuesta podr\u00eda transformar el futuro de muchos. \u00bfQu\u00e9 es la Exenci\u00f3n D-3? La exenci\u00f3n D-3 permite a ciertos inmigrantes indocumentados, incluidos los beneficiarios de DACA, obtener una [&hellip;]","og_url":"https:\/\/albizulaw.com\/es\/que-cambia-con-la-exencion-d-3-de-biden\/","og_site_name":"Albizu Law Firm","article_published_time":"2024-08-05T23:52:29+00:00","article_modified_time":"2026-08-28T18:11:17+00:00","og_image":[{"width":1000,"height":500,"url":"https:\/\/albizulaw.com\/wp-content\/uploads\/2024\/08\/Biden-D-3-waiver-Lo-que-significa-la-exencion-D-3-de-Biden-para-los-beneficiarios-de-DACA-y-los-graduados-extranjeros-Albizu-Law-1.jpg","type":"image\/jpeg"}],"author":"Market Crest","twitter_card":"summary_large_image","twitter_misc":{"Escrito por":"Market Crest","Tiempo de lectura":"3 minutos"},"schema":{"@context":"https:\/\/schema.org","@graph":[{"@type":"Article","@id":"https:\/\/albizulaw.com\/es\/que-cambia-con-la-exencion-d-3-de-biden\/#article","isPartOf":{"@id":"https:\/\/albizulaw.com\/es\/que-cambia-con-la-exencion-d-3-de-biden\/"},"author":{"name":"Market Crest","@id":"https:\/\/albizulaw.com\/es\/#\/schema\/person\/62268c04d0301ba7f4c8fad5ee7bb3d8"},"headline":"\u00bfQu\u00e9 Cambia con la Exenci\u00f3n D-3 de Biden?","datePublished":"2024-08-05T23:52:29+00:00","dateModified":"2026-08-28T18:11:17+00:00","mainEntityOfPage":{"@id":"https:\/\/albizulaw.com\/es\/que-cambia-con-la-exencion-d-3-de-biden\/"},"wordCount":693,"publisher":{"@id":"https:\/\/albizulaw.com\/es\/#organization"},"image":{"@id":"https:\/\/albizulaw.com\/es\/que-cambia-con-la-exencion-d-3-de-biden\/#primaryimage"},"thumbnailUrl":"https:\/\/albizulaw.com\/wp-content\/uploads\/2024\/08\/Biden-D-3-waiver-Lo-que-significa-la-exencion-D-3-de-Biden-para-los-beneficiarios-de-DACA-y-los-graduados-extranjeros-Albizu-Law-1.jpg","articleSection":["Sin categorizar"],"inLanguage":"es"},{"@type":"WebPage","@id":"https:\/\/albizulaw.com\/es\/que-cambia-con-la-exencion-d-3-de-biden\/","url":"https:\/\/albizulaw.com\/es\/que-cambia-con-la-exencion-d-3-de-biden\/","name":"\u00bfQu\u00e9 Cambia con la Exenci\u00f3n D-3 de Biden? - Albizu Law Firm","isPartOf":{"@id":"https:\/\/albizulaw.com\/es\/#website"},"primaryImageOfPage":{"@id":"https:\/\/albizulaw.com\/es\/que-cambia-con-la-exencion-d-3-de-biden\/#primaryimage"},"image":{"@id":"https:\/\/albizulaw.com\/es\/que-cambia-con-la-exencion-d-3-de-biden\/#primaryimage"},"thumbnailUrl":"https:\/\/albizulaw.com\/wp-content\/uploads\/2024\/08\/Biden-D-3-waiver-Lo-que-significa-la-exencion-D-3-de-Biden-para-los-beneficiarios-de-DACA-y-los-graduados-extranjeros-Albizu-Law-1.jpg","datePublished":"2024-08-05T23:52:29+00:00","dateModified":"2026-08-28T18:11:17+00:00","breadcrumb":{"@id":"https:\/\/albizulaw.com\/es\/que-cambia-con-la-exencion-d-3-de-biden\/#breadcrumb"},"inLanguage":"es","potentialAction":[{"@type":"ReadAction","target":["https:\/\/albizulaw.com\/es\/que-cambia-con-la-exencion-d-3-de-biden\/"]}]},{"@type":"ImageObject","inLanguage":"es","@id":"https:\/\/albizulaw.com\/es\/que-cambia-con-la-exencion-d-3-de-biden\/#primaryimage","url":"https:\/\/albizulaw.com\/wp-content\/uploads\/2024\/08\/Biden-D-3-waiver-Lo-que-significa-la-exencion-D-3-de-Biden-para-los-beneficiarios-de-DACA-y-los-graduados-extranjeros-Albizu-Law-1.jpg","contentUrl":"https:\/\/albizulaw.com\/wp-content\/uploads\/2024\/08\/Biden-D-3-waiver-Lo-que-significa-la-exencion-D-3-de-Biden-para-los-beneficiarios-de-DACA-y-los-graduados-extranjeros-Albizu-Law-1.jpg","width":1000,"height":500,"caption":"Biden D-3 waiver - Lo que significa la exenci\u00f3n D-3 de Biden para los beneficiarios de DACA y los graduados extranjeros - Albizu Law"},{"@type":"BreadcrumbList","@id":"https:\/\/albizulaw.com\/es\/que-cambia-con-la-exencion-d-3-de-biden\/#breadcrumb","itemListElement":[{"@type":"ListItem","position":1,"name":"Home","item":"https:\/\/albizulaw.com\/es\/"},{"@type":"ListItem","position":2,"name":"\u00bfQu\u00e9 Cambia con la Exenci\u00f3n D-3 de Biden?"}]},{"@type":"WebSite","@id":"https:\/\/albizulaw.com\/es\/#website","url":"https:\/\/albizulaw.com\/es\/","name":"Albizu Law Firm","description":"Immigration Lawyer","publisher":{"@id":"https:\/\/albizulaw.com\/es\/#organization"},"potentialAction":[{"@type":"SearchAction","target":{"@type":"EntryPoint","urlTemplate":"https:\/\/albizulaw.com\/es\/?s={search_term_string}"},"query-input":{"@type":"PropertyValueSpecification","valueRequired":true,"valueName":"search_term_string"}}],"inLanguage":"es"},{"@type":"Organization","@id":"https:\/\/albizulaw.com\/es\/#organization","name":"Albizu Law Firm","url":"https:\/\/albizulaw.com\/es\/","logo":{"@type":"ImageObject","inLanguage":"es","@id":"https:\/\/albizulaw.com\/es\/#\/schema\/logo\/image\/","url":"https:\/\/albizulaw.com\/wp-content\/uploads\/2025\/03\/logo-white-png.avif","contentUrl":"https:\/\/albizulaw.com\/wp-content\/uploads\/2025\/03\/logo-white-png.avif","width":1491,"height":447,"caption":"Albizu Law Firm"},"image":{"@id":"https:\/\/albizulaw.com\/es\/#\/schema\/logo\/image\/"}},{"@type":"Person","@id":"https:\/\/albizulaw.com\/es\/#\/schema\/person\/62268c04d0301ba7f4c8fad5ee7bb3d8","name":"Market Crest","image":{"@type":"ImageObject","inLanguage":"es","@id":"https:\/\/secure.gravatar.com\/avatar\/758629c3e4bf456e49387a93d2ec8d427b69e5f4be6811b69a1357aa2d150593?s=96&d=mm&r=g","url":"https:\/\/secure.gravatar.com\/avatar\/758629c3e4bf456e49387a93d2ec8d427b69e5f4be6811b69a1357aa2d150593?s=96&d=mm&r=g","contentUrl":"https:\/\/secure.gravatar.com\/avatar\/758629c3e4bf456e49387a93d2ec8d427b69e5f4be6811b69a1357aa2d150593?s=96&d=mm&r=g","caption":"Market Crest"}}]}},"_links":{"self":[{"href":"https:\/\/albizulaw.com\/es\/wp-json\/wp\/v2\/posts\/6978","targetHints":{"allow":["GET"]}}],"collection":[{"href":"https:\/\/albizulaw.com\/es\/wp-json\/wp\/v2\/posts"}],"about":[{"href":"https:\/\/albizulaw.com\/es\/wp-json\/wp\/v2\/types\/post"}],"author":[{"embeddable":true,"href":"https:\/\/albizulaw.com\/es\/wp-json\/wp\/v2\/users\/6"}],"replies":[{"embeddable":true,"href":"https:\/\/albizulaw.com\/es\/wp-json\/wp\/v2\/comments?post=6978"}],"version-history":[{"count":1,"href":"https:\/\/albizulaw.com\/es\/wp-json\/wp\/v2\/posts\/6978\/revisions"}],"predecessor-version":[{"id":6979,"href":"https:\/\/albizulaw.com\/es\/wp-json\/wp\/v2\/posts\/6978\/revisions\/6979"}],"wp:featuredmedia":[{"embeddable":true,"href":"https:\/\/albizulaw.com\/es\/wp-json\/wp\/v2\/media\/7461"}],"wp:attachment":[{"href":"https:\/\/albizulaw.com\/es\/wp-json\/wp\/v2\/media?parent=6978"}],"wp:term":[{"taxonomy":"category","embeddable":true,"href":"https:\/\/albizulaw.com\/es\/wp-json\/wp\/v2\/categories?post=6978"},{"taxonomy":"post_tag","embeddable":true,"href":"https:\/\/albizulaw.com\/es\/wp-json\/wp\/v2\/tags?post=6978"}],"curies":[{"name":"wp","href":"https:\/\/api.w.org\/{rel}","templated":true}]}}